{"id":850,"date":"2017-06-23T14:43:52","date_gmt":"2017-06-23T12:43:52","guid":{"rendered":"https:\/\/w2.berzsenyicell.hu\/cbg\/?p=850"},"modified":"2023-08-15T00:18:40","modified_gmt":"2023-08-14T22:18:40","slug":"a-gimnazium-korusa-es-zenekara-a-2016-2017-tanevben-is-nagy-sikerrel-szerepelt-kulonbozo-alkalmakon-es-versenyeken","status":"publish","type":"post","link":"https:\/\/berzsenyicell.hu\/index.php\/2017\/06\/23\/a-gimnazium-korusa-es-zenekara-a-2016-2017-tanevben-is-nagy-sikerrel-szerepelt-kulonbozo-alkalmakon-es-versenyeken\/","title":{"rendered":"A gimn\u00e1zium k\u00f3rusa \u00e9s zenekara a 2016\/2017 tan\u00e9vben is nagy sikerrel szerepelt k\u00fcl\u00f6nb\u00f6z\u0151 alkalmakon \u00e9s versenyeken"},"content":{"rendered":"<p>A k\u00f3rus \u00e9s a zenei csoportok szakmai vezet\u0151je Dr. B\u00e9rdin\u00e9 Stipkovits Ildik\u00f3 tan\u00e1rn\u0151.<br \/>\nA tan\u00e9v kiemelked\u0151 esem\u00e9nye volt november 19-\u00e9n az iskola fenn\u00e1ll\u00e1s\u00e1nak 70. \u00e9vfordul\u00f3j\u00e1ra rendezett jubileumi m\u0171sor, amin a volt k\u00f3rustagokkal kib\u0151v\u00edtett \u00e9nekkar is fell\u00e9pett. A Beatles egy\u00fcttes: Hey Jude c\u00edm\u0171 legend\u00e1s sz\u00e1m\u00e1t Kiss Fl\u00f3ra \u00e9nekesn\u0151 \u00e9s az iskola jelenlegi \u00e9s egykori di\u00e1kjaib\u00f3l \u00e1ll\u00f3 k\u00f3rus \u00e9s zenekar adta el\u0151 nagy sikerrel. (Kiss Fl\u00f3ra, Bar\u00e1th Kata, Kiniczky M\u00e1ty\u00e1s, Ors\u00f3s Eszter \u00e9s a k\u00f3rus (\u00e9nek), Szab\u00f3 Benedek, Ipsics \u00c1ron, Oliver Lee (git\u00e1r), B\u00e9rdi R\u00e9ka, Kiss Valentina, Paluska Laura (heged\u0171), Gregorich Zs\u00f3fia (csell\u00f3), Kov\u00e1cs Krist\u00f3f (cajon), Dr. B\u00e9rdin\u00e9 Stipkovits Ildik\u00f3 tan\u00e1rn\u0151 (zongora))<br \/>\nAz el\u0151ad\u00e1son fell\u00e9ptek az iskola volt di\u00e1kjai k\u00f6z\u00fcl sikeres p\u00e1ly\u00e1t befut\u00f3 m\u0171v\u00e9szek, Heim Mercedesz opera\u00e9nekesn\u0151, Horv\u00e1th \u00c1d\u00e1m balettm\u0171v\u00e9sz, Zolnain\u00e9 N\u00e1br\u00e1di Gy\u00f6rgyi tan\u00e1rn\u0151,Kiss Fl\u00f3ra \u00e9nekesn\u0151, egy kamarazenekar (Tarczi R\u00e9ka, B\u00e9rdi R\u00e9ka, Kiss Valentina,Gregorich Zs\u00f3fia,Szalay Eszter,Paluska Laura), Ipsics \u00c1ron \u00e9s Szakos Bence, P\u00e1l Andr\u00e1s n\u00e9pt\u00e1nccsoportja \u00e9s az iskola zenekara (Kiniczky M\u00e1ty\u00e1s,Kov\u00e1cs Krist\u00f3f, Szab\u00f3 Benedek)<br \/>\nAm\u0171sor z\u00e1r\u00e1sak\u00e9nt a B\u00facs\u00faz\u00e1s Kemenesalj\u00e1t\u00f3l c. k\u00f3rusm\u0171vet Unger Edit tan\u00e1rn\u0151, a gimn\u00e1zium egykori karnagya vez\u00e9nyelte.<br \/>\nA janu\u00e1ri szalagavat\u00f3 m\u0171soron a tan\u00e1ri kar \u00e9nekkar\u00e1val kib\u0151v\u00edtett k\u00f3rus k\u00f6sz\u00f6nt\u00f6tte a v\u00e9gz\u0151s\u00f6ket az Abba egy\u00fcttes: I have a dream c. dal\u00e1val. Sz\u00f3l\u00f3t \u00e9nekelt N\u00e9methn\u00e9 Benk\u0151 Katalin tan\u00e1rn\u0151 \u00e9s Sz\u00fccs Bogl\u00e1rka 8.h. oszt\u00e1lyos tanul\u00f3.<br \/>\nM\u00e1rciusban a 8.h. oszt\u00e1lyb\u00f3l 2 csapat is benevezett a megyei Kod\u00e1ly Zolt\u00e1n eml\u00e9kversenyre, a B\u00edbork\u00e1k (Kreiner Klaudia Liza, Szalay Eszter,Tarczi Kinga ) \u00e9s a Csiperk\u00e9k ( Bolla J\u00falia, Hajba S\u00e1ra Lilla,Sz\u00fccs Bogl\u00e1rka Eliza ) Miut\u00e1n nagy k\u00fczdelemben siker\u00fclt megszerezni\u00fck a megyei verseny els\u0151 \u00e9s m\u00e1sodik hely\u00e9t, \u00e9s evvel a megye k\u00e9t legkiv\u00e1l\u00f3bb csapata lettek.<br \/>\nA versenyen di\u00e1koknak a zenet\u00f6rt\u00e9neti tud\u00e1s mellett sz\u00fcks\u00e9g\u00fck volt zeneelm\u00e9leti ismereteikre is. Egy el\u0151zetes feladat keret\u00e9ben \u201eKod\u00e1ly \u00e9s mi\u201d c\u00edmmel pedig egy ppt bemutat\u00f3t l\u00e9trehozniuk. A k\u00e9t csapat ehhez egy Facebook illetve Twitter oldalt hozott l\u00e9tre, amin kereszt\u00fcl virtu\u00e1lisan gy\u0171jt\u00f6tt\u00e9k Kod\u00e1ly Zolt\u00e1n mai modern kori eml\u00e9keit, \u201ebesz\u00e9lgettek\u201d a zeneszerz\u0151vel \u00e9s egym\u00e1ssal. A verseny ut\u00e1n a szombathelyi V\u00e1rosi Telev\u00edzi\u00f3 riportot is k\u00e9sz\u00edtett a fiatalokkal. http:\/\/www.tvszombathely.hu\/hirado\/hirado&#8212;2017-marcius-8 , a tan\u00e9v v\u00e9g\u00e9n pedig k\u00fcl\u00f6n jutalomban r\u00e9szes\u00fcltek a POK \u00e1ltal szervezett versenyen val\u00f3 kiemelt eredm\u00e9ny\u00fck\u00e9rt. 2017. december\u00e9ben megh\u00edv\u00e1st kaptak a Kod\u00e1ly eml\u00e9k\u00e9v z\u00e1r\u00e1sak\u00e9nt rendezett ELTE SEK szakmai egyetemi el\u0151ad\u00e1ssorozatra, ahol fell\u00e9ptek egy zalai n\u00e9pdalcsokorral.<br \/>\n\u00c1prilisban egy orsz\u00e1gos felh\u00edv\u00e1snak eleget t\u00e9ve klippet forgattak M\u00fcller P\u00e9ter Szi\u00e1mi AndFriends: J\u00f3 volna szeretni m\u00e9g\u2026 c\u00edm\u0171 dal\u00e1b\u00f3l \u00e9s jutalmul megh\u00edv\u00e1st kaptak Budapestre egy \u00e9l\u0151 koncertre a D\u00fcrer Kertbe. A dalt B\u00e9rdin\u00e9 Ildik\u00f3 tan\u00e1rn\u0151 tan\u00edtotta be, a filmet Sipos Tibor igazgat\u00f3 \u00far k\u00e9sz\u00edtette.<br \/>\nM\u00e1jus 2-\u00e1n J\u00e1nosh\u00e1z\u00e1n az \u00c9nekl\u0151 Ifj\u00fas\u00e1g hangverseny\u00e9n zalai n\u00e9pdalcsokrot valamint renesz\u00e1nsz, barokk, \u00e9s XX. sz\u00e1zadi m\u0171veket is \u00e9nekeltek. Az \u00e9nekkart a di\u00e1kok (Csabina Alexa, M\u00f3d Csenge (fuvola), Szalay Eszter (heged\u0171), Szab\u00f3 Benedek (git\u00e1r), Kov\u00e1cs Krist\u00f3f (cajon) ) \u00e9s karnagyuk, Dr. B\u00e9rdin\u00e9 Stipkovits Ildik\u00f3 (zongora, git\u00e1r) k\u00eds\u00e9rt\u00e9k hangszeren.<br \/>\nAz idei tan\u00e9v legnagyobb siker\u00e9t a n\u00e9pdal\u00e9nekl\u00e9si versenyen \u00e9rt\u00e9k el a kar\u00e9nekesek. Febru\u00e1rban a \u201eTisz\u00e1n innen, Dun\u00e1n t\u00fal\u201d n\u00e9pdal\u00e9nekl\u00e9si verseny megyei fordul\u00f3j\u00e1ban a Csiperk\u00e9k bronz, a Vasi Leg\u00e9nyek ez\u00fcst, a Sz\u00e1zszorsz\u00e9p csoport pedig kiemelt arany min\u0151s\u00edt\u00e9st szerzett.<br \/>\n\u00c1prilisban elhozt\u00e1k a Di\u00e1kSz\u00ednT\u00e9r tehets\u00e9gkutat\u00f3 fesztiv\u00e1l k\u00fcl\u00f6nd\u00edj\u00e1t.<br \/>\nA \u201eTisz\u00e1n innen, Dun\u00e1n t\u00fal\u201d verseny megyei fordul\u00f3ja ut\u00e1n a Sz\u00e1zszorsz\u00e9p egy\u00fcttes 8 tagja a legjobb csapatk\u00e9nt tov\u00e1bbjutott az orsz\u00e1gos d\u00f6nt\u0151be, ahol m\u00e1jusban az orsz\u00e1g legkiv\u00e1l\u00f3bb csoportjai k\u00f6z\u00f6tt kiemelt arany min\u0151s\u00edt\u00e9ssel a legjobb helyen v\u00e9gzett. Az orsz\u00e1gos d\u00f6nt\u0151n versenyz\u0151 Sz\u00e1zszorsz\u00e9p csoport tagjai: Bar\u00e1th Kata, B\u00e9rdi Csenge, Csabina Alexa, Dankovics Veronika, Hujber Laura, Kov\u00e1cs Kitti Panka, Szal\u00f3ky Polett, Vrask\u00f3 Zs\u00f3fia<br \/>\nTerm\u00e9szetesen az \u00fcnnepi megeml\u00e9kez\u00e9seken is r\u00e9szt vett a k\u00f3rus \u00e9s a zenekar. Az \u00e9vnyit\u00f3n, okt\u00f3ber 23-\u00e1n, kar\u00e1csonykor, ballag\u00e1son, a Nemzeti \u00d6sszetartoz\u00e1s Napj\u00e1n, \u00e9vz\u00e1r\u00f3n valamint a k\u00fcl\u00f6nb\u00f6z\u0151 f\u00f3rumokon, di\u00e1knapon, ahol az iskol\u00e1t kellett k\u00e9pviselni\u00fck.<br \/>\nAz idei \u00e9v nem \u00e9rt v\u00e9get a vak\u00e1ci\u00f3 kezdet\u00e9vel az \u00e9nekkar sz\u00e1m\u00e1ra. K\u00fcl\u00f6n felk\u00e9r\u00e9sre egy csoport fell\u00e9pett a vin\u00e1ri Falunapon, ahol a tan\u00e9v sor\u00e1n tanult dalokb\u00f3l \u00e9nekeltek az \u00f6sszegy\u0171lt hallgat\u00f3s\u00e1gnak. felk\u00e9r\u00e9st Szab\u00f3 Csaba 9.a. oszt. tanul\u00f3 k\u00f6zvet\u00edtette a k\u00f3rus sz\u00e1m\u00e1ra, akinek ez \u00faton mondunk k\u00f6sz\u00f6netet a lehet\u0151s\u00e9g\u00e9rt \u00e9s hogy n\u00e9pszer\u0171s\u00edthett\u00fck iskol\u00e1nkat a megy\u00e9n t\u00fal is.<br \/>\nA ny\u00e1r elej\u00e9n 3 di\u00e1kunk vehetett r\u00e9szt a &#8222;VOICES FOR EUROPE&#8221;- International Youth Music Festival nemzetk\u00f6zi zenei t\u00e1bor\u00e1ban Ausztri\u00e1ban Stubenbergben, egy Erasmus projekt keret\u00e9ben, ahol osztr\u00e1k, szlov\u00e9n, olasz \u00e9s maced\u00f3n fiatalokkal egy\u00fctt muzsik\u00e1lhatott Kiniczky M\u00e1ty\u00e1s,Kov\u00e1cs Krist\u00f3f \u00e9s Szab\u00f3 Benedek. K\u00f6sz\u00f6nj\u00fck P\u00e1l\u00f3czi Zsuzsanna \u00e9s B\u00e9rdin\u00e9 Ildik\u00f3 tan\u00e1rn\u0151knek, hogy seg\u00edtettek a fiataloknak eljutni erre a sz\u00e9p helyre!<br \/>\nAz \u00e9nekkar tagjai ebben a tan\u00e9vben:<br \/>\n12.a.: Bar\u00e1th Kata, Hujber Laura<br \/>\n11.a.: Dankovics Veronika, Szal\u00f3ky Polett, Hajba L\u00e1szl\u00f3<br \/>\n10.h.: B\u00e9rdi Csenge, Horv\u00e1th R\u00e9ka, Kiniczky M\u00e1ty\u00e1s, Szab\u00f3 Benedek, T\u00f3th Benedek<br \/>\n10.a.: Barna Eszter, Horv\u00e1th Panna, Kupi Vir\u00e1g, Vravuska Zs\u00f3fia<br \/>\n9.a.: Kov\u00e1cs Krist\u00f3f L\u00e1szl\u00f3, M\u00f3d Csenge, Szab\u00f3 Csaba, Szab\u00f3 Zsolt<br \/>\n9.b.: Csisz\u00e1r Vivien Mogyor\u00f3si Vir\u00e1g<br \/>\n9.h.: Csabina Alexa, Kov\u00e1cs Kitti Panka, Solazzo Marlene, Rozman L\u00eddia, Szemenyei Ad\u00e9l<br \/>\n8.h.: Bolla J\u00falia, Hajba S\u00e1ra Lilla, Kreiner Klaudia Liza, Mestery Dorottya Szalay Eszter,<br \/>\nSzemeti Alexandra, Sz\u00fccs Bogl\u00e1rka Eliza, Tarczi Kinga, T\u00f3th Rebeka , Veszpr\u00e9mi P\u00e9ter<br \/>\nvalamint N\u00e9methn\u00e9 Benk\u0151 Katalin \u00e9s Gorz\u00e1s Csab\u00e1n\u00e9<\/p>\n\n","protected":false},"excerpt":{"rendered":"<p>A k\u00f3rus \u00e9s a zenei csoportok szakmai vezet\u0151je Dr. B\u00e9rdin\u00e9 Stipkovits Ildik\u00f3 tan\u00e1rn\u0151. A tan\u00e9v kiemelked\u0151 esem\u00e9nye volt november 19-\u00e9n [&hellip;]<\/p>\n","protected":false},"author":1,"featured_media":0,"comment_status":"closed","ping_status":"closed","sticky":false,"template":"","format":"standard","meta":{"_uag_custom_page_level_css":"","site-sidebar-layout":"default","site-content-layout":"","ast-site-content-layout":"default","site-content-style":"default","site-sidebar-style":"default","ast-global-header-display":"","ast-banner-title-visibility":"","ast-main-header-display":"","ast-hfb-above-header-display":"","ast-hfb-below-header-display":"","ast-hfb-mobile-header-display":"","site-post-title":"","ast-breadcrumbs-content":"","ast-featured-img":"","footer-sml-layout":"","ast-disable-related-posts":"","theme-transparent-header-meta":"default","adv-header-id-meta":"","stick-header-meta":"default","header-above-stick-meta":"","header-main-stick-meta":"","header-below-stick-meta":"","astra-migrate-meta-layouts":"set","ast-page-background-enabled":"default","ast-page-background-meta":{"desktop":{"background-color":"var(--ast-global-color-4)","background-image":"","background-repeat":"repeat","background-position":"center center","background-size":"auto","background-attachment":"scroll","background-type":"","background-media":"","overlay-type":"","overlay-color":"","overlay-opacity":"","overlay-gradient":""},"tablet":{"background-color":"","background-image":"","background-repeat":"repeat","background-position":"center center","background-size":"auto","background-attachment":"scroll","background-type":"","background-media":"","overlay-type":"","overlay-color":"","overlay-opacity":"","overlay-gradient":""},"mobile":{"background-color":"","background-image":"","background-repeat":"repeat","background-position":"center center","background-size":"auto","background-attachment":"scroll","background-type":"","background-media":"","overlay-type":"","overlay-color":"","overlay-opacity":"","overlay-gradient":""}},"ast-content-background-meta":{"desktop":{"background-color":"var(--ast-global-color-5)","background-image":"","background-repeat":"repeat","background-position":"center center","background-size":"auto","background-attachment":"scroll","background-type":"","background-media":"","overlay-type":"","overlay-color":"","overlay-opacity":"","overlay-gradient":""},"tablet":{"background-color":"var(--ast-global-color-5)","background-image":"","background-repeat":"repeat","background-position":"center center","background-size":"auto","background-attachment":"scroll","background-type":"","background-media":"","overlay-type":"","overlay-color":"","overlay-opacity":"","overlay-gradient":""},"mobile":{"background-color":"var(--ast-global-color-5)","background-image":"","background-repeat":"repeat","background-position":"center center","background-size":"auto","background-attachment":"scroll","background-type":"","background-media":"","overlay-type":"","overlay-color":"","overlay-opacity":"","overlay-gradient":""}},"footnotes":""},"categories":[42],"tags":[],"class_list":["post-850","post","type-post","status-publish","format-standard","hentry","category-korus"],"uagb_featured_image_src":{"full":false,"thumbnail":false,"medium":false,"medium_large":false,"large":false,"1536x1536":false,"2048x2048":false},"uagb_author_info":{"display_name":"admin","author_link":"https:\/\/berzsenyicell.hu\/index.php\/author\/cbg_admin\/"},"uagb_comment_info":0,"uagb_excerpt":"A k\u00f3rus \u00e9s a zenei csoportok szakmai vezet\u0151je Dr. B\u00e9rdin\u00e9 Stipkovits Ildik\u00f3 tan\u00e1rn\u0151. A tan\u00e9v kiemelked\u0151 esem\u00e9nye volt november 19-\u00e9n [&hellip;]","_links":{"self":[{"href":"https:\/\/berzsenyicell.hu\/index.php\/wp-json\/wp\/v2\/posts\/850","targetHints":{"allow":["GET"]}}],"collection":[{"href":"https:\/\/berzsenyicell.hu\/index.php\/wp-json\/wp\/v2\/posts"}],"about":[{"href":"https:\/\/berzsenyicell.hu\/index.php\/wp-json\/wp\/v2\/types\/post"}],"author":[{"embeddable":true,"href":"https:\/\/berzsenyicell.hu\/index.php\/wp-json\/wp\/v2\/users\/1"}],"replies":[{"embeddable":true,"href":"https:\/\/berzsenyicell.hu\/index.php\/wp-json\/wp\/v2\/comments?post=850"}],"version-history":[{"count":1,"href":"https:\/\/berzsenyicell.hu\/index.php\/wp-json\/wp\/v2\/posts\/850\/revisions"}],"predecessor-version":[{"id":851,"href":"https:\/\/berzsenyicell.hu\/index.php\/wp-json\/wp\/v2\/posts\/850\/revisions\/851"}],"wp:attachment":[{"href":"https:\/\/berzsenyicell.hu\/index.php\/wp-json\/wp\/v2\/media?parent=850"}],"wp:term":[{"taxonomy":"category","embeddable":true,"href":"https:\/\/berzsenyicell.hu\/index.php\/wp-json\/wp\/v2\/categories?post=850"},{"taxonomy":"post_tag","embeddable":true,"href":"https:\/\/berzsenyicell.hu\/index.php\/wp-json\/wp\/v2\/tags?post=850"}],"curies":[{"name":"wp","href":"https:\/\/api.w.org\/{rel}","templated":true}]}}