{"id":2216,"date":"2025-03-14T15:10:19","date_gmt":"2025-03-14T13:10:19","guid":{"rendered":"https:\/\/berzsenyicell.hu\/?p=2216"},"modified":"2025-03-30T15:10:38","modified_gmt":"2025-03-30T13:10:38","slug":"marcius-15-et-unnepeltuk","status":"publish","type":"post","link":"https:\/\/berzsenyicell.hu\/index.php\/2025\/03\/14\/marcius-15-et-unnepeltuk\/","title":{"rendered":"M\u00e1rcius 15-\u00e9t \u00fcnnepelt\u00fck"},"content":{"rendered":"<div class=\"xdj266r x11i5rnm xat24cr x1mh8g0r x1vvkbs x126k92a\">\n<div dir=\"auto\">M\u00e1rcius 14-\u00e9n\u00a0 iskol\u00e1nkban k\u00f6z\u00f6sen eml\u00e9kezt\u00fcnk meg az 1848\/49-es forradalom \u00e9s szabads\u00e1gharc h\u0151seir\u0151l<span class=\"html-span xexx8yu x4uap5 x18d9i69 xkhd6sd x1hl2dhg x16tdsg8 x1vvkbs x3nfvp2 x1j61x8r x1fcty0u xdj266r xat24cr xgzva0m xhhsvwb xxymvpz xlup9mm x1kky2od\"><img loading=\"lazy\" decoding=\"async\" class=\"xz74otr x168nmei x13lgxp2 x5pf9jr xo71vjh\" src=\"https:\/\/static.xx.fbcdn.net\/images\/emoji.php\/v9\/t20\/1\/16\/1f1ed_1f1fa.png\" alt=\"\ud83c\udded\ud83c\uddfa\" width=\"16\" height=\"16\" \/><\/span>.<\/div>\n<div dir=\"auto\">Az \u00fcnnepi m\u0171sor sor\u00e1n feleleven\u00edtett\u00fck a forradalom esem\u00e9nyeit, a m\u00e1rciusi ifjak b\u00e1tors\u00e1g\u00e1t \u00e9s azt az elsz\u00e1nts\u00e1got, amely a magyar nemzet szabads\u00e1gv\u00e1gy\u00e1t t\u00e1pl\u00e1lta.<\/div>\n<\/div>\n<div class=\"x11i5rnm xat24cr x1mh8g0r x1vvkbs xtlvy1s x126k92a\">\n<div dir=\"auto\">K\u00f6sz\u00f6nj\u00fck a di\u00e1koknak \u00e9s a felk\u00e9sz\u00edt\u0151 tan\u00e1roknak a sz\u00ednvonalas el\u0151ad\u00e1st!<\/div>\n<div dir=\"auto\">\n\n<\/div>\n<\/div>\n","protected":false},"excerpt":{"rendered":"<p>M\u00e1rcius 14-\u00e9n\u00a0 iskol\u00e1nkban k\u00f6z\u00f6sen eml\u00e9kezt\u00fcnk meg az 1848\/49-es forradalom \u00e9s szabads\u00e1gharc h\u0151seir\u0151l. Az \u00fcnnepi m\u0171sor sor\u00e1n feleleven\u00edtett\u00fck a forradalom esem\u00e9nyeit, [&hellip;]<\/p>\n","protected":false},"author":3,"featured_media":0,"comment_status":"closed","ping_status":"closed","sticky":false,"template":"","format":"standard","meta":{"_uag_custom_page_level_css":"","site-sidebar-layout":"default","site-content-layout":"","ast-site-content-layout":"default","site-content-style":"default","site-sidebar-style":"default","ast-global-header-display":"","ast-banner-title-visibility":"","ast-main-header-display":"","ast-hfb-above-header-display":"","ast-hfb-below-header-display":"","ast-hfb-mobile-header-display":"","site-post-title":"","ast-breadcrumbs-content":"","ast-featured-img":"","footer-sml-layout":"","ast-disable-related-posts":"","theme-transparent-header-meta":"default","adv-header-id-meta":"","stick-header-meta":"default","header-above-stick-meta":"","header-main-stick-meta":"","header-below-stick-meta":"","astra-migrate-meta-layouts":"set","ast-page-background-enabled":"default","ast-page-background-meta":{"desktop":{"background-color":"var(--ast-global-color-4)","background-image":"","background-repeat":"repeat","background-position":"center center","background-size":"auto","background-attachment":"scroll","background-type":"","background-media":"","overlay-type":"","overlay-color":"","overlay-opacity":"","overlay-gradient":""},"tablet":{"background-color":"","background-image":"","background-repeat":"repeat","background-position":"center center","background-size":"auto","background-attachment":"scroll","background-type":"","background-media":"","overlay-type":"","overlay-color":"","overlay-opacity":"","overlay-gradient":""},"mobile":{"background-color":"","background-image":"","background-repeat":"repeat","background-position":"center center","background-size":"auto","background-attachment":"scroll","background-type":"","background-media":"","overlay-type":"","overlay-color":"","overlay-opacity":"","overlay-gradient":""}},"ast-content-background-meta":{"desktop":{"background-color":"var(--ast-global-color-5)","background-image":"","background-repeat":"repeat","background-position":"center center","background-size":"auto","background-attachment":"scroll","background-type":"","background-media":"","overlay-type":"","overlay-color":"","overlay-opacity":"","overlay-gradient":""},"tablet":{"background-color":"var(--ast-global-color-5)","background-image":"","background-repeat":"repeat","background-position":"center center","background-size":"auto","background-attachment":"scroll","background-type":"","background-media":"","overlay-type":"","overlay-color":"","overlay-opacity":"","overlay-gradient":""},"mobile":{"background-color":"var(--ast-global-color-5)","background-image":"","background-repeat":"repeat","background-position":"center center","background-size":"auto","background-attachment":"scroll","background-type":"","background-media":"","overlay-type":"","overlay-color":"","overlay-opacity":"","overlay-gradient":""}},"footnotes":""},"categories":[64,65,54,6],"tags":[],"class_list":["post-2216","post","type-post","status-publish","format-standard","hentry","category-2024-2025","category-2024-2025-evente","category-legfrissebb-hirek","category-unnepsegek"],"uagb_featured_image_src":{"full":false,"thumbnail":false,"medium":false,"medium_large":false,"large":false,"1536x1536":false,"2048x2048":false},"uagb_author_info":{"display_name":"Rad\u00e1nyin\u00e9 Nov\u00e1ki M\u00e1rta","author_link":"https:\/\/berzsenyicell.hu\/index.php\/author\/marti\/"},"uagb_comment_info":0,"uagb_excerpt":"M\u00e1rcius 14-\u00e9n\u00a0 iskol\u00e1nkban k\u00f6z\u00f6sen eml\u00e9kezt\u00fcnk meg az 1848\/49-es forradalom \u00e9s szabads\u00e1gharc h\u0151seir\u0151l. Az \u00fcnnepi m\u0171sor sor\u00e1n feleleven\u00edtett\u00fck a forradalom esem\u00e9nyeit, [&hellip;]","_links":{"self":[{"href":"https:\/\/berzsenyicell.hu\/index.php\/wp-json\/wp\/v2\/posts\/2216","targetHints":{"allow":["GET"]}}],"collection":[{"href":"https:\/\/berzsenyicell.hu\/index.php\/wp-json\/wp\/v2\/posts"}],"about":[{"href":"https:\/\/berzsenyicell.hu\/index.php\/wp-json\/wp\/v2\/types\/post"}],"author":[{"embeddable":true,"href":"https:\/\/berzsenyicell.hu\/index.php\/wp-json\/wp\/v2\/users\/3"}],"replies":[{"embeddable":true,"href":"https:\/\/berzsenyicell.hu\/index.php\/wp-json\/wp\/v2\/comments?post=2216"}],"version-history":[{"count":1,"href":"https:\/\/berzsenyicell.hu\/index.php\/wp-json\/wp\/v2\/posts\/2216\/revisions"}],"predecessor-version":[{"id":2217,"href":"https:\/\/berzsenyicell.hu\/index.php\/wp-json\/wp\/v2\/posts\/2216\/revisions\/2217"}],"wp:attachment":[{"href":"https:\/\/berzsenyicell.hu\/index.php\/wp-json\/wp\/v2\/media?parent=2216"}],"wp:term":[{"taxonomy":"category","embeddable":true,"href":"https:\/\/berzsenyicell.hu\/index.php\/wp-json\/wp\/v2\/categories?post=2216"},{"taxonomy":"post_tag","embeddable":true,"href":"https:\/\/berzsenyicell.hu\/index.php\/wp-json\/wp\/v2\/tags?post=2216"}],"curies":[{"name":"wp","href":"https:\/\/api.w.org\/{rel}","templated":true}]}}