{"id":1914,"date":"2024-10-06T09:45:32","date_gmt":"2024-10-06T07:45:32","guid":{"rendered":"https:\/\/berzsenyicell.hu\/?p=1914"},"modified":"2024-10-07T10:12:23","modified_gmt":"2024-10-07T08:12:23","slug":"az-aradi-vertanukra-emlekeztunk","status":"publish","type":"post","link":"https:\/\/berzsenyicell.hu\/index.php\/2024\/10\/06\/az-aradi-vertanukra-emlekeztunk\/","title":{"rendered":"Az aradi v\u00e9rtan\u00fakra eml\u00e9kezt\u00fcnk"},"content":{"rendered":"<div dir=\"auto\">Az aradi v\u00e9rtan\u00fakat a szabads\u00e1gharc buk\u00e1sa ut\u00e1n, 1849. okt\u00f3ber 6-\u00e1n v\u00e9gezt\u00e9k ki, a b\u00e9csi forradalom \u00e9s Latour cs\u00e1sz\u00e1ri had\u00fcgyminiszter meggyilkol\u00e1s\u00e1nak els\u0151 \u00e9vfordul\u00f3j\u00e1n. B\u00e1r az Aradon kiv\u00e9gzett honv\u00e9dtisztek sz\u00e1ma tizenhat, a nemzeti eml\u00e9kezet m\u00e9gis els\u0151sorban az ezen a napon kiv\u00e9gzett tizenh\u00e1rom tisztet tartja sz\u00e1mon.<br \/>\nDessewffy Arisztid, Kiss Ern\u0151, Schweidel J\u00f3zsef, P\u00f6ltenberg Ern\u0151, T\u00f6r\u00f6k Ign\u00e1c, L\u00e1hner Gy\u00f6rgy, Kn\u00e9zi\u0107h K\u00e1roly, Nagys\u00e1ndor J\u00f3zsef, Leiningen-Westerburg K\u00e1roly, Aulich Lajos, Damjanich J\u00e1nos, V\u00e9csey K\u00e1roly t\u00e1bornokok \u00e9s L\u00e1z\u00e1r Vilmos ezredes, valamint Batthy\u00e1ny Lajos minisztereln\u00f6k hal\u00e1l\u00e1nak napja a forradalom \u00e9s szabads\u00e1gharc lever\u00e9s\u00e9nek szimb\u00f3luma lett.<br \/>\nAz aradi v\u00e9rtan\u00fakra val\u00f3 eml\u00e9kez\u00e9s 1867-ig csak titokban t\u00f6rt\u00e9nhetett, a kiegyez\u00e9s ut\u00e1n azonban okt\u00f3ber 6-a orsz\u00e1gos gy\u00e1sznapp\u00e1 v\u00e1lt.<br \/>\nIskol\u00e1nkban okt\u00f3ber 4-\u00e9n, iskolar\u00e1di\u00f3n kereszt\u00fcl eml\u00e9kezt\u00fcnk meg a v\u00e9rtan\u00fak hal\u00e1l\u00e1r\u00f3l. A m\u0171sorban, melyet Nagy P\u00e9tern\u00e9, Erika tan\u00e1rn\u0151 \u00e1ll\u00edtott \u00f6ssze a 11. A \u00e9s a 11. B oszt\u00e1ly tanul\u00f3ib\u00f3l \u00f6ssze\u00e1llt kis irodalmi csoport szerepelt. Meghat\u00f3 versekkel, dalbet\u00e9tekkel tett\u00e9k\u00a0 \u00fcnnep\u00e9lyess\u00e9 az eml\u00e9kez\u00e9s perceit.<\/div>\n<div dir=\"auto\">\n\n<\/div>\n","protected":false},"excerpt":{"rendered":"<p>Az aradi v\u00e9rtan\u00fakat a szabads\u00e1gharc buk\u00e1sa ut\u00e1n, 1849. okt\u00f3ber 6-\u00e1n v\u00e9gezt\u00e9k ki, a b\u00e9csi forradalom \u00e9s Latour cs\u00e1sz\u00e1ri had\u00fcgyminiszter meggyilkol\u00e1s\u00e1nak [&hellip;]<\/p>\n","protected":false},"author":3,"featured_media":0,"comment_status":"closed","ping_status":"closed","sticky":false,"template":"","format":"standard","meta":{"_uag_custom_page_level_css":"","site-sidebar-layout":"default","site-content-layout":"","ast-site-content-layout":"default","site-content-style":"default","site-sidebar-style":"default","ast-global-header-display":"","ast-banner-title-visibility":"","ast-main-header-display":"","ast-hfb-above-header-display":"","ast-hfb-below-header-display":"","ast-hfb-mobile-header-display":"","site-post-title":"","ast-breadcrumbs-content":"","ast-featured-img":"","footer-sml-layout":"","ast-disable-related-posts":"","theme-transparent-header-meta":"default","adv-header-id-meta":"","stick-header-meta":"default","header-above-stick-meta":"","header-main-stick-meta":"","header-below-stick-meta":"","astra-migrate-meta-layouts":"set","ast-page-background-enabled":"default","ast-page-background-meta":{"desktop":{"background-color":"var(--ast-global-color-4)","background-image":"","background-repeat":"repeat","background-position":"center center","background-size":"auto","background-attachment":"scroll","background-type":"","background-media":"","overlay-type":"","overlay-color":"","overlay-opacity":"","overlay-gradient":""},"tablet":{"background-color":"","background-image":"","background-repeat":"repeat","background-position":"center center","background-size":"auto","background-attachment":"scroll","background-type":"","background-media":"","overlay-type":"","overlay-color":"","overlay-opacity":"","overlay-gradient":""},"mobile":{"background-color":"","background-image":"","background-repeat":"repeat","background-position":"center center","background-size":"auto","background-attachment":"scroll","background-type":"","background-media":"","overlay-type":"","overlay-color":"","overlay-opacity":"","overlay-gradient":""}},"ast-content-background-meta":{"desktop":{"background-color":"var(--ast-global-color-5)","background-image":"","background-repeat":"repeat","background-position":"center center","background-size":"auto","background-attachment":"scroll","background-type":"","background-media":"","overlay-type":"","overlay-color":"","overlay-opacity":"","overlay-gradient":""},"tablet":{"background-color":"var(--ast-global-color-5)","background-image":"","background-repeat":"repeat","background-position":"center center","background-size":"auto","background-attachment":"scroll","background-type":"","background-media":"","overlay-type":"","overlay-color":"","overlay-opacity":"","overlay-gradient":""},"mobile":{"background-color":"var(--ast-global-color-5)","background-image":"","background-repeat":"repeat","background-position":"center center","background-size":"auto","background-attachment":"scroll","background-type":"","background-media":"","overlay-type":"","overlay-color":"","overlay-opacity":"","overlay-gradient":""}},"footnotes":""},"categories":[64,54,6],"tags":[],"class_list":["post-1914","post","type-post","status-publish","format-standard","hentry","category-2024-2025","category-legfrissebb-hirek","category-unnepsegek"],"uagb_featured_image_src":{"full":false,"thumbnail":false,"medium":false,"medium_large":false,"large":false,"1536x1536":false,"2048x2048":false},"uagb_author_info":{"display_name":"Rad\u00e1nyin\u00e9 Nov\u00e1ki M\u00e1rta","author_link":"https:\/\/berzsenyicell.hu\/index.php\/author\/marti\/"},"uagb_comment_info":0,"uagb_excerpt":"Az aradi v\u00e9rtan\u00fakat a szabads\u00e1gharc buk\u00e1sa ut\u00e1n, 1849. okt\u00f3ber 6-\u00e1n v\u00e9gezt\u00e9k ki, a b\u00e9csi forradalom \u00e9s Latour cs\u00e1sz\u00e1ri had\u00fcgyminiszter meggyilkol\u00e1s\u00e1nak [&hellip;]","_links":{"self":[{"href":"https:\/\/berzsenyicell.hu\/index.php\/wp-json\/wp\/v2\/posts\/1914","targetHints":{"allow":["GET"]}}],"collection":[{"href":"https:\/\/berzsenyicell.hu\/index.php\/wp-json\/wp\/v2\/posts"}],"about":[{"href":"https:\/\/berzsenyicell.hu\/index.php\/wp-json\/wp\/v2\/types\/post"}],"author":[{"embeddable":true,"href":"https:\/\/berzsenyicell.hu\/index.php\/wp-json\/wp\/v2\/users\/3"}],"replies":[{"embeddable":true,"href":"https:\/\/berzsenyicell.hu\/index.php\/wp-json\/wp\/v2\/comments?post=1914"}],"version-history":[{"count":4,"href":"https:\/\/berzsenyicell.hu\/index.php\/wp-json\/wp\/v2\/posts\/1914\/revisions"}],"predecessor-version":[{"id":1920,"href":"https:\/\/berzsenyicell.hu\/index.php\/wp-json\/wp\/v2\/posts\/1914\/revisions\/1920"}],"wp:attachment":[{"href":"https:\/\/berzsenyicell.hu\/index.php\/wp-json\/wp\/v2\/media?parent=1914"}],"wp:term":[{"taxonomy":"category","embeddable":true,"href":"https:\/\/berzsenyicell.hu\/index.php\/wp-json\/wp\/v2\/categories?post=1914"},{"taxonomy":"post_tag","embeddable":true,"href":"https:\/\/berzsenyicell.hu\/index.php\/wp-json\/wp\/v2\/tags?post=1914"}],"curies":[{"name":"wp","href":"https:\/\/api.w.org\/{rel}","templated":true}]}}