{"id":1910,"date":"2024-10-06T09:35:16","date_gmt":"2024-10-06T07:35:16","guid":{"rendered":"https:\/\/berzsenyicell.hu\/?p=1910"},"modified":"2024-10-06T09:35:16","modified_gmt":"2024-10-06T07:35:16","slug":"europai-diaksport-nap","status":"publish","type":"post","link":"https:\/\/berzsenyicell.hu\/index.php\/2024\/10\/06\/europai-diaksport-nap\/","title":{"rendered":"Eur\u00f3pai Di\u00e1ksport Nap"},"content":{"rendered":"<div dir=\"auto\">Gimnazist\u00e1ink a 2024 m\u00e9tert v\u00e1rosunk \u00e1ltal\u00e1nos iskol\u00e1inak fels\u0151 tagozatos tanul\u00f3ival egy\u00fctt futott\u00e1k le Celld\u00f6m\u00f6lk utc\u00e1in.<\/div>\n<div dir=\"auto\">A program c\u00e9lja, nem csak a versenyz\u00e9s volt, hanem az egy\u00fcttl\u00e9t, a k\u00f6z\u00f6s kapcsolatok er\u0151s\u00edt\u00e9se. \u00d6r\u00fcl\u00fcnk, hogy <strong>t\u00f6bb mint<\/strong> <strong>500 \u00a0di\u00e1kot siker\u00fclt megmozgatnunk a j\u00f3 hangulat\u00fa sportrendezv\u00e9nyen.<\/strong><\/div>\n<div dir=\"auto\"><strong>Az I. helyezettek \u00a0kateg\u00f3ri\u00e1nk\u00e9nt:<\/strong><\/div>\n<div dir=\"auto\">Kiss Vivien\u200b\u200b 5-6. \u00e9vf.\u200b CV\u00c1I<\/div>\n<div dir=\"auto\">\u200bGy\u0151rv\u00e1ri \u00c1ron \u200b5-6. \u00e9vf.\u200b SZBKI<\/div>\n<div dir=\"auto\">L\u0151rincz Petra\u200b\u200b 7-8. \u00e9vf.\u200b CV\u00c1I<\/div>\n<div dir=\"auto\">Imre B\u00e1lint\u200b\u200b 7-8. \u00e9vf.\u200b SZBKI<\/div>\n<div dir=\"auto\">Falka Liza\u200b\u200b9-12. \u00e9vf.\u200b CBG<\/div>\n<div dir=\"auto\">L\u0151rincz M\u00e1t\u00e9\u200b\u200b9-12. \u00e9vf. CBG<\/div>\n<div dir=\"auto\"><strong>GRATUL\u00c1LUNK!<\/strong><\/div>\n<div dir=\"auto\">A k\u00f6z\u00f6s fut\u00e1s ut\u00e1n di\u00e1kjaink oszt\u00e1lyok k\u00f6z\u00f6tti verseny keret\u00e9ben 4&#215;200 m-es v\u00e1lt\u00f3fut\u00e1sban m\u00e9rhett\u00e9k \u00f6ssze gyorsas\u00e1gukat, majd ki-ki v\u00e1laszt\u00e1sa alapj\u00e1n a neki tetsz\u0151 sport\u00e1gban folytathatta a mozg\u00e1st. Volt asztalitenisz, r\u00f6plabda, foci, gyalogl\u00e1s, frizbi, zumba&#8230;stb.<br \/>\nEz a nap a mozg\u00e1sr\u00f3l sz\u00f3lt. De tal\u00e1n a mindennapjainkba is belef\u00e9r!<\/div>\n<div dir=\"auto\">\n\n<\/div>\n","protected":false},"excerpt":{"rendered":"<p>Gimnazist\u00e1ink a 2024 m\u00e9tert v\u00e1rosunk \u00e1ltal\u00e1nos iskol\u00e1inak fels\u0151 tagozatos tanul\u00f3ival egy\u00fctt futott\u00e1k le Celld\u00f6m\u00f6lk utc\u00e1in. A program c\u00e9lja, nem csak [&hellip;]<\/p>\n","protected":false},"author":3,"featured_media":0,"comment_status":"closed","ping_status":"closed","sticky":false,"template":"","format":"standard","meta":{"_uag_custom_page_level_css":"","site-sidebar-layout":"default","site-content-layout":"","ast-site-content-layout":"default","site-content-style":"default","site-sidebar-style":"default","ast-global-header-display":"","ast-banner-title-visibility":"","ast-main-header-display":"","ast-hfb-above-header-display":"","ast-hfb-below-header-display":"","ast-hfb-mobile-header-display":"","site-post-title":"","ast-breadcrumbs-content":"","ast-featured-img":"","footer-sml-layout":"","ast-disable-related-posts":"","theme-transparent-header-meta":"default","adv-header-id-meta":"","stick-header-meta":"default","header-above-stick-meta":"","header-main-stick-meta":"","header-below-stick-meta":"","astra-migrate-meta-layouts":"set","ast-page-background-enabled":"default","ast-page-background-meta":{"desktop":{"background-color":"var(--ast-global-color-4)","background-image":"","background-repeat":"repeat","background-position":"center center","background-size":"auto","background-attachment":"scroll","background-type":"","background-media":"","overlay-type":"","overlay-color":"","overlay-opacity":"","overlay-gradient":""},"tablet":{"background-color":"","background-image":"","background-repeat":"repeat","background-position":"center center","background-size":"auto","background-attachment":"scroll","background-type":"","background-media":"","overlay-type":"","overlay-color":"","overlay-opacity":"","overlay-gradient":""},"mobile":{"background-color":"","background-image":"","background-repeat":"repeat","background-position":"center center","background-size":"auto","background-attachment":"scroll","background-type":"","background-media":"","overlay-type":"","overlay-color":"","overlay-opacity":"","overlay-gradient":""}},"ast-content-background-meta":{"desktop":{"background-color":"var(--ast-global-color-5)","background-image":"","background-repeat":"repeat","background-position":"center center","background-size":"auto","background-attachment":"scroll","background-type":"","background-media":"","overlay-type":"","overlay-color":"","overlay-opacity":"","overlay-gradient":""},"tablet":{"background-color":"var(--ast-global-color-5)","background-image":"","background-repeat":"repeat","background-position":"center center","background-size":"auto","background-attachment":"scroll","background-type":"","background-media":"","overlay-type":"","overlay-color":"","overlay-opacity":"","overlay-gradient":""},"mobile":{"background-color":"var(--ast-global-color-5)","background-image":"","background-repeat":"repeat","background-position":"center center","background-size":"auto","background-attachment":"scroll","background-type":"","background-media":"","overlay-type":"","overlay-color":"","overlay-opacity":"","overlay-gradient":""}},"footnotes":""},"categories":[64,65,54],"tags":[],"class_list":["post-1910","post","type-post","status-publish","format-standard","hentry","category-2024-2025","category-2024-2025-evente","category-legfrissebb-hirek"],"uagb_featured_image_src":{"full":false,"thumbnail":false,"medium":false,"medium_large":false,"large":false,"1536x1536":false,"2048x2048":false},"uagb_author_info":{"display_name":"Rad\u00e1nyin\u00e9 Nov\u00e1ki M\u00e1rta","author_link":"https:\/\/berzsenyicell.hu\/index.php\/author\/marti\/"},"uagb_comment_info":0,"uagb_excerpt":"Gimnazist\u00e1ink a 2024 m\u00e9tert v\u00e1rosunk \u00e1ltal\u00e1nos iskol\u00e1inak fels\u0151 tagozatos tanul\u00f3ival egy\u00fctt futott\u00e1k le Celld\u00f6m\u00f6lk utc\u00e1in. A program c\u00e9lja, nem csak [&hellip;]","_links":{"self":[{"href":"https:\/\/berzsenyicell.hu\/index.php\/wp-json\/wp\/v2\/posts\/1910","targetHints":{"allow":["GET"]}}],"collection":[{"href":"https:\/\/berzsenyicell.hu\/index.php\/wp-json\/wp\/v2\/posts"}],"about":[{"href":"https:\/\/berzsenyicell.hu\/index.php\/wp-json\/wp\/v2\/types\/post"}],"author":[{"embeddable":true,"href":"https:\/\/berzsenyicell.hu\/index.php\/wp-json\/wp\/v2\/users\/3"}],"replies":[{"embeddable":true,"href":"https:\/\/berzsenyicell.hu\/index.php\/wp-json\/wp\/v2\/comments?post=1910"}],"version-history":[{"count":1,"href":"https:\/\/berzsenyicell.hu\/index.php\/wp-json\/wp\/v2\/posts\/1910\/revisions"}],"predecessor-version":[{"id":1911,"href":"https:\/\/berzsenyicell.hu\/index.php\/wp-json\/wp\/v2\/posts\/1910\/revisions\/1911"}],"wp:attachment":[{"href":"https:\/\/berzsenyicell.hu\/index.php\/wp-json\/wp\/v2\/media?parent=1910"}],"wp:term":[{"taxonomy":"category","embeddable":true,"href":"https:\/\/berzsenyicell.hu\/index.php\/wp-json\/wp\/v2\/categories?post=1910"},{"taxonomy":"post_tag","embeddable":true,"href":"https:\/\/berzsenyicell.hu\/index.php\/wp-json\/wp\/v2\/tags?post=1910"}],"curies":[{"name":"wp","href":"https:\/\/api.w.org\/{rel}","templated":true}]}}