{"id":1766,"date":"2024-04-22T07:36:43","date_gmt":"2024-04-22T05:36:43","guid":{"rendered":"https:\/\/berzsenyicell.hu\/?p=1766"},"modified":"2024-04-22T07:36:43","modified_gmt":"2024-04-22T05:36:43","slug":"ket-unnep","status":"publish","type":"post","link":"https:\/\/berzsenyicell.hu\/index.php\/2024\/04\/22\/ket-unnep\/","title":{"rendered":"K\u00e9t \u00fcnnep"},"content":{"rendered":"<p>Az elm\u00falt napokban Gimn\u00e1ziumunk k\u00e9t megeml\u00e9kez\u00e9st is tartott.<br \/>\nA\u00a0 K\u00f6lt\u00e9szet napja \u00e1prilis 11-\u00e9n:<br \/>\nHagyom\u00e1nyteremt\u00e9s c\u00e9lj\u00e1b\u00f3l, a v\u00e1ros di\u00e1ks\u00e1g\u00e1val k\u00f6z\u00f6sen mondtunk verset a k\u00f6lt\u00e9szet napj\u00e1n m\u00e1r tavaly is. Id\u00e9n Ady Endre hal\u00e1l\u00e1nak 105. \u00e9vfordul\u00f3j\u00e1ra eml\u00e9kezve Nagy P\u00e9tern\u00e9, magyar tan\u00e1rn\u0151 bevezet\u0151 szavai ut\u00e1n, egy\u00fctt mondtuk A f\u00f6l-f\u00f6ldobott k\u0151 c\u00edm\u0171 vers\u00e9t, illetve J\u00f3zsef Attila eml\u00e9k\u00e9re a Mama c\u00edm\u0171 k\u00f6ltem\u00e9nyt. Kb. 400 di\u00e1k \u2013 a v\u00e1ros \u00e1ltal\u00e1nos iskol\u00e1sai, a k\u00f6z\u00e9pszint\u0171 oktat\u00e1sban r\u00e9sztvev\u0151k &#8211; t\u00f6lt\u00f6tte meg a teret, ahol a naps\u00fct\u00e9sben b\u00e1tran, egy\u00fctt, \u00e1t\u00e9lve mondtuk a verseket. Szalay<br \/>\nBori 9. A oszt\u00e1lyos di\u00e1kunk gy\u00f6ny\u00f6r\u0171, cseng\u0151 hangon \u00e9nekelte J\u00f3zsef Attila: \u00d3h, sz\u00edv nyugodj c. megzen\u00e9s\u00edtett vers\u00e9t.<br \/>\nK\u00f6sz\u00f6nj\u00fck mindenkinek az akt\u00edv r\u00e9szv\u00e9telt!<\/p>\n\n<p>\u00c1prilis 16-\u00e1n \u2013 a Holokauszt magyarorsz\u00e1gi \u00e1ldozataira eml\u00e9kezt\u00fcnk:<br \/>\n2004 \u00f3ta minden \u00e9v \u00e1prilis 16-\u00e1n a Holokauszt magyarorsz\u00e1gi \u00e1ldozataira eml\u00e9kez\u00fcnk. 1944-ben ezen a napon kezd\u0151d\u00f6tt meg gett\u00f3kba, t\u00e1borokba k\u00e9nyszer\u00edt\u00e9s\u00fck a fronthoz legk\u00f6zelebb es\u0151 K\u00e1rp\u00e1talj\u00e1n, Felvid\u00e9ken \u00e9s \u00c9szak-Erd\u00e9lyben. A holokausztnak mintegy 550-600.000 magyar zsid\u00f3 esett \u00e1ldozatul.\u00a0 A holokauszt az emberis\u00e9g t\u00f6rt\u00e9nelm\u00e9nek legs\u00f6t\u00e9tebb fejezetei k\u00f6z\u00e9 tartozik. Ma m\u00e1r szinte felfoghatatlan, hogyan t\u00f6rt\u00e9nhetett meg mindaz a sz\u00f6rny\u0171s\u00e9g, amelyr\u0151l a t\u00fal\u00e9l\u0151k besz\u00e1moltak<br \/>\nvisszaeml\u00e9kez\u00e9seikben. Eml\u00e9keztet\u0151\u00fcl szolg\u00e1lnak mindannyiunk sz\u00e1m\u00e1ra, hogy soha t\u00f6bb\u00e9 ne t\u00f6rt\u00e9nhessen hasonl\u00f3.<br \/>\n\u00d6ssze\u00e1ll\u00edt\u00e1sunkkal az \u00e1ldozatokra \u00e9s a t\u00fal\u00e9l\u0151kre eml\u00e9kezt\u00fcnk. A m\u0171sort a 10. B oszt\u00e1ly tanul\u00f3i m\u00e9ly \u00e1t\u00e9l\u00e9ssel, az eml\u00e9knap komolys\u00e1g\u00e1t, az \u00e1ldozatokat megillet\u0151 tisztelet megad\u00e1s\u00e1val prezent\u00e1lt\u00e1k.<\/p>\n\n","protected":false},"excerpt":{"rendered":"<p>Az elm\u00falt napokban Gimn\u00e1ziumunk k\u00e9t megeml\u00e9kez\u00e9st is tartott. A\u00a0 K\u00f6lt\u00e9szet napja \u00e1prilis 11-\u00e9n: Hagyom\u00e1nyteremt\u00e9s c\u00e9lj\u00e1b\u00f3l, a v\u00e1ros di\u00e1ks\u00e1g\u00e1val k\u00f6z\u00f6sen mondtunk [&hellip;]<\/p>\n","protected":false},"author":3,"featured_media":0,"comment_status":"closed","ping_status":"closed","sticky":false,"template":"","format":"standard","meta":{"_uag_custom_page_level_css":"","site-sidebar-layout":"default","site-content-layout":"","ast-site-content-layout":"default","site-content-style":"default","site-sidebar-style":"default","ast-global-header-display":"","ast-banner-title-visibility":"","ast-main-header-display":"","ast-hfb-above-header-display":"","ast-hfb-below-header-display":"","ast-hfb-mobile-header-display":"","site-post-title":"","ast-breadcrumbs-content":"","ast-featured-img":"","footer-sml-layout":"","ast-disable-related-posts":"","theme-transparent-header-meta":"default","adv-header-id-meta":"","stick-header-meta":"default","header-above-stick-meta":"","header-main-stick-meta":"","header-below-stick-meta":"","astra-migrate-meta-layouts":"set","ast-page-background-enabled":"default","ast-page-background-meta":{"desktop":{"background-color":"var(--ast-global-color-4)","background-image":"","background-repeat":"repeat","background-position":"center center","background-size":"auto","background-attachment":"scroll","background-type":"","background-media":"","overlay-type":"","overlay-color":"","overlay-opacity":"","overlay-gradient":""},"tablet":{"background-color":"","background-image":"","background-repeat":"repeat","background-position":"center center","background-size":"auto","background-attachment":"scroll","background-type":"","background-media":"","overlay-type":"","overlay-color":"","overlay-opacity":"","overlay-gradient":""},"mobile":{"background-color":"","background-image":"","background-repeat":"repeat","background-position":"center center","background-size":"auto","background-attachment":"scroll","background-type":"","background-media":"","overlay-type":"","overlay-color":"","overlay-opacity":"","overlay-gradient":""}},"ast-content-background-meta":{"desktop":{"background-color":"var(--ast-global-color-5)","background-image":"","background-repeat":"repeat","background-position":"center center","background-size":"auto","background-attachment":"scroll","background-type":"","background-media":"","overlay-type":"","overlay-color":"","overlay-opacity":"","overlay-gradient":""},"tablet":{"background-color":"var(--ast-global-color-5)","background-image":"","background-repeat":"repeat","background-position":"center center","background-size":"auto","background-attachment":"scroll","background-type":"","background-media":"","overlay-type":"","overlay-color":"","overlay-opacity":"","overlay-gradient":""},"mobile":{"background-color":"var(--ast-global-color-5)","background-image":"","background-repeat":"repeat","background-position":"center center","background-size":"auto","background-attachment":"scroll","background-type":"","background-media":"","overlay-type":"","overlay-color":"","overlay-opacity":"","overlay-gradient":""}},"footnotes":""},"categories":[50,54],"tags":[],"class_list":["post-1766","post","type-post","status-publish","format-standard","hentry","category-2023-2024","category-legfrissebb-hirek"],"uagb_featured_image_src":{"full":false,"thumbnail":false,"medium":false,"medium_large":false,"large":false,"1536x1536":false,"2048x2048":false},"uagb_author_info":{"display_name":"Rad\u00e1nyin\u00e9 Nov\u00e1ki M\u00e1rta","author_link":"https:\/\/berzsenyicell.hu\/index.php\/author\/marti\/"},"uagb_comment_info":0,"uagb_excerpt":"Az elm\u00falt napokban Gimn\u00e1ziumunk k\u00e9t megeml\u00e9kez\u00e9st is tartott. A\u00a0 K\u00f6lt\u00e9szet napja \u00e1prilis 11-\u00e9n: Hagyom\u00e1nyteremt\u00e9s c\u00e9lj\u00e1b\u00f3l, a v\u00e1ros di\u00e1ks\u00e1g\u00e1val k\u00f6z\u00f6sen mondtunk [&hellip;]","_links":{"self":[{"href":"https:\/\/berzsenyicell.hu\/index.php\/wp-json\/wp\/v2\/posts\/1766","targetHints":{"allow":["GET"]}}],"collection":[{"href":"https:\/\/berzsenyicell.hu\/index.php\/wp-json\/wp\/v2\/posts"}],"about":[{"href":"https:\/\/berzsenyicell.hu\/index.php\/wp-json\/wp\/v2\/types\/post"}],"author":[{"embeddable":true,"href":"https:\/\/berzsenyicell.hu\/index.php\/wp-json\/wp\/v2\/users\/3"}],"replies":[{"embeddable":true,"href":"https:\/\/berzsenyicell.hu\/index.php\/wp-json\/wp\/v2\/comments?post=1766"}],"version-history":[{"count":1,"href":"https:\/\/berzsenyicell.hu\/index.php\/wp-json\/wp\/v2\/posts\/1766\/revisions"}],"predecessor-version":[{"id":1767,"href":"https:\/\/berzsenyicell.hu\/index.php\/wp-json\/wp\/v2\/posts\/1766\/revisions\/1767"}],"wp:attachment":[{"href":"https:\/\/berzsenyicell.hu\/index.php\/wp-json\/wp\/v2\/media?parent=1766"}],"wp:term":[{"taxonomy":"category","embeddable":true,"href":"https:\/\/berzsenyicell.hu\/index.php\/wp-json\/wp\/v2\/categories?post=1766"},{"taxonomy":"post_tag","embeddable":true,"href":"https:\/\/berzsenyicell.hu\/index.php\/wp-json\/wp\/v2\/tags?post=1766"}],"curies":[{"name":"wp","href":"https:\/\/api.w.org\/{rel}","templated":true}]}}