{"id":1649,"date":"2023-11-22T10:37:59","date_gmt":"2023-11-22T08:37:59","guid":{"rendered":"https:\/\/berzsenyicell.hu\/?p=1649"},"modified":"2023-11-22T10:37:59","modified_gmt":"2023-11-22T08:37:59","slug":"szavaloverseny-a-celldomolki-berzsenyi-daniel-gimnaziumban","status":"publish","type":"post","link":"https:\/\/berzsenyicell.hu\/index.php\/2023\/11\/22\/szavaloverseny-a-celldomolki-berzsenyi-daniel-gimnaziumban\/","title":{"rendered":"Szaval\u00f3verseny a Celld\u00f6m\u00f6lki Berzsenyi D\u00e1niel Gimn\u00e1ziumban"},"content":{"rendered":"<p>A celld\u00f6m\u00f6lki gimn\u00e1zium hum\u00e1n munkak\u00f6z\u00f6ss\u00e9ge az id\u00e9n tizen\u00f6t\u00f6dik alkalommal szervez n\u00e9vad\u00f3ja el\u0151tt tisztelegve szaval\u00f3versenyt a v\u00e1ros \u00e9s a k\u00f6rny\u00e9k \u00e1ltal\u00e1nos iskol\u00e1s di\u00e1kjai r\u00e9sz\u00e9re novemberben, a magyar nyelv napj\u00e1hoz kapcsol\u00f3d\u00f3an. A verseny \u00fcnnepi megnyit\u00f3j\u00e1n T\u00f3thn\u00e9 Bali Krisztina magyartan\u00e1r, igazgat\u00f3helyettes k\u00f6sz\u00f6nt\u00f6tte a jelenlev\u0151ket. Besz\u00e9d\u00e9ben kit\u00e9rt arra, hogy k\u00fcl\u00f6nleges az idei \u00e9v, mert Pet\u0151finek \u00e9s Mad\u00e1chnak is 200 \u00e9ves \u00e9vfordul\u00f3j\u00e1t \u00fcnnepelj\u00fck; \u00e9s megk\u00f6sz\u00f6nte a szaval\u00f3knak \u00e9s felk\u00e9sz\u00edt\u0151 tan\u00e1raiknak, hogy sz\u00edv\u00fcgy\u00fcknek tekintik a magyar kult\u00fara, az anyanyelv \u00e1pol\u00e1s\u00e1t. A 5-6. oszt\u00e1lyosok \u00e9s a 7-8. koroszt\u00e1ly k\u00fcl\u00f6n versenyzett, de az eredm\u00e9nyhirdet\u00e9sre ism\u00e9t \u00f6sszegy\u0171ltek az iskola k\u00f6nyvt\u00e1r\u00e1ban. Moln\u00e1r Margit, a gimn\u00e1zium nyugalmazott magyartan\u00e1ra kiemelte, hogy k\u00fcl\u00f6nleges \u00e9rz\u00e9ssel t\u00f6lti el ez a d\u00e9lut\u00e1n, hiszen hajdan berzsenyis di\u00e1kk\u00e9nt k\u00f6zel 60 \u00e9ve \u0151 ugyanitt szavalt, mint a mai \u00fcgyes kisdi\u00e1kok, akik kiv\u00e1l\u00f3an teljes\u00edtettek. Szab\u00f3n\u00e9 Kiss Ildik\u00f3, a CV\u00c1I Als\u00f3s\u00e1gi Tagint\u00e9zm\u00e9ny\u00e9nek nyugalmazott vezet\u0151je az 5-6. oszt\u00e1lyosoknak megk\u00f6sz\u00f6nte az \u00e9lm\u00e9nyt, gratul\u00e1lt mindenkinek \u00fcgyes szavalat\u00e1hoz, majd kihirdette a helyez\u00e9seket. Nagy P\u00e9tern\u00e9, a CBG magyartan\u00e1ra dics\u00e9r\u0151 szavak k\u00eds\u00e9ret\u00e9ben eml\u00e9klapokat adott \u00e1t a r\u00e9sztvev\u0151knek. P\u00e1ln\u00e9 Horv\u00e1th M\u00e1ria, a KMKK igazgat\u00f3n\u0151je a 7-8. oszt\u00e1lyosokhoz sz\u00f3lva elismer\u0151 szavakat fogalmazott meg, majd \u00e1tadta a jutalmakat. A Berzsenyi vers-\u00e9s pr\u00f3zamond\u00f3 verseny m\u00e9lt\u00f3 \u00fcnnepe volt a magyar nyelvnek, a magyar kult\u00far\u00e1nak.<\/p>\n<p><strong>Az eredm\u00e9nyek<\/strong><\/p>\n<p><strong>5-6. oszt\u00e1ly<\/strong><\/p>\n<p>1.: Simon Benedek (Ostffyasszonyfai Pet\u0151fi S\u00e1ndor \u00c1ltal\u00e1nos Iskola, Bolla Katalin)<br \/>\n2.: Nagy-Kov\u00e1cs B\u00edborka (Szent Benedek Katolikus \u00c1ltal\u00e1nos Iskola; Czuporn\u00e9 Het\u00e9nyi Rita)<br \/>\n3.: L\u00e9r\u00e1nt L\u0151rinc (Szent Imre \u00c1ltal\u00e1nos Iskola, Martonn\u00e9 B\u00f6r\u00f6cz Ram\u00f3na)<\/p>\n<p>k\u00fcl\u00f6nd\u00edj: Szab\u00f3 Bence (Szent Benedek Katolikus \u00c1ltal\u00e1nos Iskola; J\u00f3zs\u00e1n\u00e9 Dezs\u0151 Rita)<\/p>\n<p><strong>7-8. oszt\u00e1ly<br \/>\n<\/strong><br \/>\n1.: P\u00f3s\u00e1n-Reyes Andrea (Kemenesmagasi \u00c1ltal\u00e1nos Iskola, Rozm\u00e1nn\u00e9 Csiszl\u00e9r Di\u00e1na)<br \/>\n2.: Hende Vir\u00e1g (Ostffyasszonyfai Pet\u0151fi S\u00e1ndor \u00c1ltal\u00e1nos Iskola, Niczki-M\u00e1tis Zsuzsanna)<br \/>\n3.: N\u00e9met P\u00e9ter Csaba (Celld\u00f6m\u00f6lki V\u00e1rosi \u00c1ltal\u00e1nos Iskola (Szab\u00f3n\u00e9 Nagy Henriette)<\/p>\n<p>k\u00fcl\u00f6nd\u00edj: Matusz Rebeka (Ostffyasszonyfai Pet\u0151fi S\u00e1ndor \u00c1ltal\u00e1nos Iskola, Niczki-M\u00e1tis Zsuzsanna)<\/p>\n\n","protected":false},"excerpt":{"rendered":"<p>A celld\u00f6m\u00f6lki gimn\u00e1zium hum\u00e1n munkak\u00f6z\u00f6ss\u00e9ge az id\u00e9n tizen\u00f6t\u00f6dik alkalommal szervez n\u00e9vad\u00f3ja el\u0151tt tisztelegve szaval\u00f3versenyt a v\u00e1ros \u00e9s a k\u00f6rny\u00e9k \u00e1ltal\u00e1nos [&hellip;]<\/p>\n","protected":false},"author":4,"featured_media":0,"comment_status":"closed","ping_status":"closed","sticky":false,"template":"","format":"standard","meta":{"_uag_custom_page_level_css":"","site-sidebar-layout":"default","site-content-layout":"","ast-site-content-layout":"default","site-content-style":"default","site-sidebar-style":"default","ast-global-header-display":"","ast-banner-title-visibility":"","ast-main-header-display":"","ast-hfb-above-header-display":"","ast-hfb-below-header-display":"","ast-hfb-mobile-header-display":"","site-post-title":"","ast-breadcrumbs-content":"","ast-featured-img":"","footer-sml-layout":"","ast-disable-related-posts":"","theme-transparent-header-meta":"default","adv-header-id-meta":"","stick-header-meta":"default","header-above-stick-meta":"","header-main-stick-meta":"","header-below-stick-meta":"","astra-migrate-meta-layouts":"set","ast-page-background-enabled":"default","ast-page-background-meta":{"desktop":{"background-color":"var(--ast-global-color-4)","background-image":"","background-repeat":"repeat","background-position":"center center","background-size":"auto","background-attachment":"scroll","background-type":"","background-media":"","overlay-type":"","overlay-color":"","overlay-opacity":"","overlay-gradient":""},"tablet":{"background-color":"","background-image":"","background-repeat":"repeat","background-position":"center center","background-size":"auto","background-attachment":"scroll","background-type":"","background-media":"","overlay-type":"","overlay-color":"","overlay-opacity":"","overlay-gradient":""},"mobile":{"background-color":"","background-image":"","background-repeat":"repeat","background-position":"center center","background-size":"auto","background-attachment":"scroll","background-type":"","background-media":"","overlay-type":"","overlay-color":"","overlay-opacity":"","overlay-gradient":""}},"ast-content-background-meta":{"desktop":{"background-color":"var(--ast-global-color-5)","background-image":"","background-repeat":"repeat","background-position":"center center","background-size":"auto","background-attachment":"scroll","background-type":"","background-media":"","overlay-type":"","overlay-color":"","overlay-opacity":"","overlay-gradient":""},"tablet":{"background-color":"var(--ast-global-color-5)","background-image":"","background-repeat":"repeat","background-position":"center center","background-size":"auto","background-attachment":"scroll","background-type":"","background-media":"","overlay-type":"","overlay-color":"","overlay-opacity":"","overlay-gradient":""},"mobile":{"background-color":"var(--ast-global-color-5)","background-image":"","background-repeat":"repeat","background-position":"center center","background-size":"auto","background-attachment":"scroll","background-type":"","background-media":"","overlay-type":"","overlay-color":"","overlay-opacity":"","overlay-gradient":""}},"footnotes":""},"categories":[50,54],"tags":[61,62,59,60],"class_list":["post-1649","post","type-post","status-publish","format-standard","hentry","category-2023-2024","category-legfrissebb-hirek","tag-human","tag-szavalas","tag-szavalo","tag-verseny"],"uagb_featured_image_src":{"full":false,"thumbnail":false,"medium":false,"medium_large":false,"large":false,"1536x1536":false,"2048x2048":false},"uagb_author_info":{"display_name":"Soml\u00f3i Tam\u00e1s","author_link":"https:\/\/berzsenyicell.hu\/index.php\/author\/tamas\/"},"uagb_comment_info":0,"uagb_excerpt":"A celld\u00f6m\u00f6lki gimn\u00e1zium hum\u00e1n munkak\u00f6z\u00f6ss\u00e9ge az id\u00e9n tizen\u00f6t\u00f6dik alkalommal szervez n\u00e9vad\u00f3ja el\u0151tt tisztelegve szaval\u00f3versenyt a v\u00e1ros \u00e9s a k\u00f6rny\u00e9k \u00e1ltal\u00e1nos [&hellip;]","_links":{"self":[{"href":"https:\/\/berzsenyicell.hu\/index.php\/wp-json\/wp\/v2\/posts\/1649","targetHints":{"allow":["GET"]}}],"collection":[{"href":"https:\/\/berzsenyicell.hu\/index.php\/wp-json\/wp\/v2\/posts"}],"about":[{"href":"https:\/\/berzsenyicell.hu\/index.php\/wp-json\/wp\/v2\/types\/post"}],"author":[{"embeddable":true,"href":"https:\/\/berzsenyicell.hu\/index.php\/wp-json\/wp\/v2\/users\/4"}],"replies":[{"embeddable":true,"href":"https:\/\/berzsenyicell.hu\/index.php\/wp-json\/wp\/v2\/comments?post=1649"}],"version-history":[{"count":1,"href":"https:\/\/berzsenyicell.hu\/index.php\/wp-json\/wp\/v2\/posts\/1649\/revisions"}],"predecessor-version":[{"id":1650,"href":"https:\/\/berzsenyicell.hu\/index.php\/wp-json\/wp\/v2\/posts\/1649\/revisions\/1650"}],"wp:attachment":[{"href":"https:\/\/berzsenyicell.hu\/index.php\/wp-json\/wp\/v2\/media?parent=1649"}],"wp:term":[{"taxonomy":"category","embeddable":true,"href":"https:\/\/berzsenyicell.hu\/index.php\/wp-json\/wp\/v2\/categories?post=1649"},{"taxonomy":"post_tag","embeddable":true,"href":"https:\/\/berzsenyicell.hu\/index.php\/wp-json\/wp\/v2\/tags?post=1649"}],"curies":[{"name":"wp","href":"https:\/\/api.w.org\/{rel}","templated":true}]}}